
{"id":26404,"date":"2021-11-30T12:34:44","date_gmt":"2021-11-30T11:34:44","guid":{"rendered":"https:\/\/ivirtuosidelloperadiroma.com\/?p=26404"},"modified":"2022-10-25T12:14:31","modified_gmt":"2022-10-25T10:14:31","slug":"como-pasar-las-vacaciones-de-navidad-en-roma","status":"publish","type":"post","link":"https:\/\/www.ivirtuosidelloperadiroma.com\/es\/como-pasar-las-vacaciones-de-navidad-en-roma\/","title":{"rendered":"C\u00f3mo pasar las vacaciones de Navidad en Roma"},"content":{"rendered":"<h2><b>Un mes (y m\u00e1s) para pasar las vacaciones de Navidad en Roma<\/b><\/h2>\n<p>&nbsp;<\/p>\n<p><span style=\"font-weight: 400;\">Comenz\u00f3 oficialmente el 8 de diciembre en la <\/span><b>Plaza de Espa\u00f1a<\/b><span style=\"font-weight: 400;\">, cuando los bomberos izaron una corona en la columna de la Inmaculada Concepci\u00f3n, rodeando el cuello de la Virgen Mar\u00eda; de hecho, la <\/span><b>Navidad<\/b><span style=\"font-weight: 400;\"> comienza con el anuncio del nacimiento de Cristo a Mar\u00eda por parte del arc\u00e1ngel Gabriel. Sin embargo, el aspecto comercial y capitalista de la Navidad hace tiempo que se antepuso a la implicaci\u00f3n m\u00e1s interior e \u00edntima que muchos de nosotros experimentamos &#8220;cuando \u00e9ramos ni\u00f1os&#8221;. As\u00ed que, si quieres pasar tus <\/span><b>vacaciones de Navidad<\/b> <b>en Roma<\/b><span style=\"font-weight: 400;\">, debes de saber que la ciudad empieza a &#8220;iluminarse&#8221; a partir de la segunda quincena de noviembre.\u00a0<\/span><\/p>\n<p>&nbsp;<\/p>\n<h2><b>\u00bfQuieres pasar tus vacaciones de Navidad en Roma? Algunos consejos<\/b><\/h2>\n<p>&nbsp;<\/p>\n<p><span style=\"font-weight: 400;\">Hay muchas <\/span><a href=\"https:\/\/ivirtuosidelloperadiroma.com\/es\/cosas-especiales-para-hacer-en-roma-al-menos-una-vez-en-la-vida\/\"><b>cosas que hacer en Roma<\/b><\/a><span style=\"font-weight: 400;\"> durante el periodo navide\u00f1o. Veamos algunas ideas (\u00a1s\u00f3lo sugerencias!).<\/span><\/p>\n<p>&nbsp;<\/p>\n<h3><b>1) Un paseo entre regalos, productos t\u00edpicos y caramelos<\/b><\/h3>\n<p>&nbsp;<\/p>\n<p><span style=\"font-weight: 400;\">En resumen: \u00a1los <\/span><b>mercados de Navidad<\/b><span style=\"font-weight: 400;\">! Si decides pasar tus <\/span><b>vacaciones de Navidad en Roma,<\/b><span style=\"font-weight: 400;\"> no puedes perderte un paseo por los mercados, en busca de un regalo para poner bajo el \u00e1rbol o simplemente para disfrutar de una bolsa de casta\u00f1as asadas. Ve a <\/span><b>Piazza Navona<\/b><span style=\"font-weight: 400;\"> y vuelve a ser un ni\u00f1o probando el algod\u00f3n de az\u00facar; o ve a <\/span><b>Piazza Mazzini<\/b><span style=\"font-weight: 400;\"> en busca de productos t\u00edpicos; y si quieres experimentar la magia de un aut\u00e9ntico pueblo navide\u00f1o, al\u00e9jate del centro de la ciudad y ve al Solara Garden Center, en el coraz\u00f3n de Roma Sur. En definitiva, un viaje al coraz\u00f3n de <\/span><span style=\"font-weight: 400;\">\u00a0<\/span><span style=\"font-weight: 400;\">la temporada de vacaciones en Italia, que dura hasta la Epifan\u00eda, el 6 de enero.<\/span><\/p>\n<p>&nbsp;<\/p>\n<p><img decoding=\"async\" class=\"alignnone wp-image-25286 size-full\" src=\"https:\/\/ivirtuosidelloperadiroma.com\/wp-content\/uploads\/2021\/09\/donde-ver-la-traviata-en-roma.jpg\" alt=\"\" width=\"1219\" height=\"800\" srcset=\"https:\/\/www.ivirtuosidelloperadiroma.com\/wp-content\/uploads\/2021\/09\/donde-ver-la-traviata-en-roma.jpg 1219w, https:\/\/www.ivirtuosidelloperadiroma.com\/wp-content\/uploads\/2021\/09\/donde-ver-la-traviata-en-roma-300x197.jpg 300w, https:\/\/www.ivirtuosidelloperadiroma.com\/wp-content\/uploads\/2021\/09\/donde-ver-la-traviata-en-roma-1024x672.jpg 1024w, https:\/\/www.ivirtuosidelloperadiroma.com\/wp-content\/uploads\/2021\/09\/donde-ver-la-traviata-en-roma-768x504.jpg 768w, https:\/\/www.ivirtuosidelloperadiroma.com\/wp-content\/uploads\/2021\/09\/donde-ver-la-traviata-en-roma-600x394.jpg 600w\" sizes=\"(max-width: 1219px) 100vw, 1219px\" \/><\/p>\n<h3><\/h3>\n<h3><b>2) Un paso de fe: San Pedro y m\u00e1s all\u00e1&#8230;<\/b><\/h3>\n<p>&nbsp;<\/p>\n<p><span style=\"font-weight: 400;\">\u00bfHas terminado de comprar? Tus <\/span><b>vacaciones de Navidad<\/b> <b>en Roma<\/b><span style=\"font-weight: 400;\"> s\u00f3lo pueden continuar con un viaje al centro de la fe. \u00bfQu\u00e9 tal un paseo por la <\/span><b>Plaza de San Pedro<\/b><span style=\"font-weight: 400;\"> y ver el enorme \u00e1rbol de Navidad en el centro de la plaza? Y luego est\u00e1 la bas\u00edlica, \u00bfhace falta decir m\u00e1s?<\/span><\/p>\n<p>&nbsp;<\/p>\n<h3><b>3) &#8230; Las cunas de Navidad en Roma<\/b><\/h3>\n<p>&nbsp;<\/p>\n<p><span style=\"font-weight: 400;\">\u00bfCrees que el arte del catre es una prerrogativa de los artesanos de San Gregorio Armeno en N\u00e1poles? Pues no lo es. De hecho, durante tus <\/span><b>vacaciones de Navidad en Roma<\/b><span style=\"font-weight: 400;\">, podr\u00e1s admirar uno de los catres m\u00e1s antiguos del mundo, creado en 1291 por Arnolfo di Cambio y situado hoy en la Bas\u00edlica de Santa Mar\u00eda la Mayor. Y no olvides el catre permanente de la Bas\u00edlica de los Santos Cosme y Dami\u00e1n: \u00a1est\u00e1s de enhorabuena!\u00a0<\/span><\/p>\n<p>&nbsp;<\/p>\n<p><b>4) \u00a1Fiesta excepcional, velada excepcional!<\/b><\/p>\n<p>&nbsp;<\/p>\n<p><span style=\"font-weight: 400;\">Para que tus vacaciones de Navidad en Roma sean inolvidables, debes regalarte un extraordinario concierto de m\u00fasica cl\u00e1sica en el incre\u00edble marco de la <\/span><b>Iglesia de San Pablo Intramuros<\/b><span style=\"font-weight: 400;\">, despu\u00e9s de todo, es\u00a0 la temporada de vacaciones, \u00bfno? La orquesta de<\/span> <a href=\"https:\/\/ivirtuosidelloperadiroma.com\/es\/orquesta\/\"><b>I Virtuosi dell&#8217;opera di Roma<\/b><\/a><span style=\"font-weight: 400;\">, dirigida por el maestro <\/span><b>Adriano Melchiorre<\/b><span style=\"font-weight: 400;\">, te har\u00e1 vivir una experiencia in\u00e9dita en el mundo de la \u00f3pera con conciertos que tienen lugar durante los \u00faltimos d\u00edas del a\u00f1o y hasta las vacaciones de A\u00f1o Nuevo. Desde <\/span><b>La Traviata<\/b><span style=\"font-weight: 400;\"> de <\/span><b>Giuseppe Verdi<\/b><span style=\"font-weight: 400;\"> hasta las <\/span><b>arias m\u00e1s famosas de la historia de la m\u00fasica cl\u00e1sica.<\/b><\/p>\n<p>&nbsp;<\/p>\n<p><span style=\"font-weight: 400;\">\u00bfQu\u00e9 pasa? \u00bfTodav\u00eda no sabes d\u00f3nde pasar las <\/span><b>vacaciones de Navidad<\/b><span style=\"font-weight: 400;\">? Se acabaron las dudas: pasa tus <\/span><b>vacaciones de Navidad en Roma<\/b><span style=\"font-weight: 400;\"> y no te arrepentir\u00e1s.<\/span><\/p>\n","protected":false},"excerpt":{"rendered":"<p>Un mes (y m\u00e1s) para pasar las vacaciones de Navidad en Roma &nbsp; Comenz\u00f3 oficialmente el 8 de diciembre en&#8230;<\/p>\n","protected":false},"author":1,"featured_media":26405,"comment_status":"closed","ping_status":"closed","sticky":false,"template":"","format":"standard","meta":{"footnotes":""},"categories":[693],"tags":[],"acf":[],"_links":{"self":[{"href":"https:\/\/www.ivirtuosidelloperadiroma.com\/es\/wp-json\/wp\/v2\/posts\/26404"}],"collection":[{"href":"https:\/\/www.ivirtuosidelloperadiroma.com\/es\/wp-json\/wp\/v2\/posts"}],"about":[{"href":"https:\/\/www.ivirtuosidelloperadiroma.com\/es\/wp-json\/wp\/v2\/types\/post"}],"author":[{"embeddable":true,"href":"https:\/\/www.ivirtuosidelloperadiroma.com\/es\/wp-json\/wp\/v2\/users\/1"}],"replies":[{"embeddable":true,"href":"https:\/\/www.ivirtuosidelloperadiroma.com\/es\/wp-json\/wp\/v2\/comments?post=26404"}],"version-history":[{"count":0,"href":"https:\/\/www.ivirtuosidelloperadiroma.com\/es\/wp-json\/wp\/v2\/posts\/26404\/revisions"}],"wp:featuredmedia":[{"embeddable":true,"href":"https:\/\/www.ivirtuosidelloperadiroma.com\/es\/wp-json\/wp\/v2\/media\/26405"}],"wp:attachment":[{"href":"https:\/\/www.ivirtuosidelloperadiroma.com\/es\/wp-json\/wp\/v2\/media?parent=26404"}],"wp:term":[{"taxonomy":"category","embeddable":true,"href":"https:\/\/www.ivirtuosidelloperadiroma.com\/es\/wp-json\/wp\/v2\/categories?post=26404"},{"taxonomy":"post_tag","embeddable":true,"href":"https:\/\/www.ivirtuosidelloperadiroma.com\/es\/wp-json\/wp\/v2\/tags?post=26404"}],"curies":[{"name":"wp","href":"https:\/\/api.w.org\/{rel}","templated":true}]}}