
{"id":26377,"date":"2021-11-30T12:30:10","date_gmt":"2021-11-30T11:30:10","guid":{"rendered":"https:\/\/ivirtuosidelloperadiroma.com\/?p=26377"},"modified":"2024-04-23T11:21:50","modified_gmt":"2024-04-23T09:21:50","slug":"comment-passer-les-vacances-de-noel-a-rome","status":"publish","type":"post","link":"https:\/\/www.ivirtuosidelloperadiroma.com\/fr\/comment-passer-les-vacances-de-noel-a-rome\/","title":{"rendered":"Comment passer les vacances de No\u00ebl \u00e0 Rome"},"content":{"rendered":"<h2><b>Un mois (et plus) pour passer vos vacances de No\u00ebl \u00e0 Rome !<\/b><\/h2>\n<p>&nbsp;<\/p>\n<p><span style=\"font-weight: 400;\">Tout a commenc\u00e9 officiellement le 8 d\u00e9cembre sur la <\/span><b>Piazza di Spagna<\/b><span style=\"font-weight: 400;\"> lorsque les pompiers ont hiss\u00e9 une couronne sur la colonne de l&#8217;Immacul\u00e9e Conception, entourant le cou de la Vierge Marie &#8211; en fait, <\/span><b>No\u00ebl<\/b><span style=\"font-weight: 400;\"> commence avec l&#8217;annonce de la naissance du Christ \u00e0 Marie par l&#8217;archange Gabriel. Cependant, le c\u00f4t\u00e9 commercial et capitaliste de No\u00ebl a depuis longtemps pr\u00e9valu sur la composante plus int\u00e9rieure, la participation intime que tant d&#8217;entre nous ont connue \u00ab \u00e9tant enfants \u00bb. Ainsi, si vous souhaitez passer vos <\/span><b>vacances de No\u00ebl \u00e0 Rome<\/b><span style=\"font-weight: 400;\">, sachez que la ville commence \u00e0 \u00ab s&#8217;illuminer \u00bb \u00e0 partir de la deuxi\u00e8me quinzaine de novembre.\u00a0<\/span><\/p>\n<p>&nbsp;<\/p>\n<h2><b>Avez-vous envie de passer vos vacances de No\u00ebl \u00e0 Rome ? Quelques conseils<\/b><\/h2>\n<p>&nbsp;<\/p>\n<p><span style=\"font-weight: 400;\">Il y a tant de <\/span><a href=\"https:\/\/ivirtuosidelloperadiroma.com\/fr\/choses-speciales-a-faire-a-rome-au-moins-une-fois-dans-la-vie\/\"><b>choses \u00e0 faire \u00e0 Rome<\/b><\/a><span style=\"font-weight: 400;\"> pendant la p\u00e9riode de No\u00ebl. Voyons quelques id\u00e9es (juste des suggestions !).<\/span><\/p>\n<p>&nbsp;<\/p>\n<h3><b>1) Une promenade entre cadeaux, produits typiques et barbe \u00e0 papa<\/b><\/h3>\n<p>&nbsp;<\/p>\n<p><span style=\"font-weight: 400;\">En bref : les <\/span><b>march\u00e9s de No\u00ebl<\/b><span style=\"font-weight: 400;\"> ! Si vous d\u00e9cidez de passer vos <\/span><b>vacances de No\u00ebl \u00e0 Rome<\/b><span style=\"font-weight: 400;\">, vous ne pouvez pas manquer de vous promener sur les march\u00e9s, \u00e0 la recherche d&#8217;un cadeau \u00e0 mettre sous le sapin ou simplement pour d\u00e9guster un sac de ch\u00e2taignes grill\u00e9es. Allez donc sur la <\/span><b>Piazza Navona<\/b><span style=\"font-weight: 400;\"> et redevenez un enfant en d\u00e9gustant les barbes \u00e0 papa ; ou passez sur la <\/span><b>Piazza Mazzini<\/b><span style=\"font-weight: 400;\"> \u00e0 la recherche de produits typiques ; et si vous voulez vivre la magie d&#8217;un authentique village de No\u00ebl, \u00e9loignez-vous du centre ville et rejoignez, au c\u0153ur de Rome Sud, le Solara Garden Center. En bref, un voyage <\/span><span style=\"font-weight: 400;\">au c\u0153ur de la p\u00e9riode des f\u00eates en Italie, qui dure jusqu&#8217;\u00e0 l&#8217;\u00c9piphanie, le 6 janvier.<\/span><\/p>\n<p>&nbsp;<\/p>\n<h3><img decoding=\"async\" class=\"alignnone wp-image-22833 size-full\" src=\"https:\/\/ivirtuosidelloperadiroma.com\/wp-content\/uploads\/2020\/07\/Diner-romantique-\u00e0-Rome-1.jpg\" alt=\"\" width=\"1097\" height=\"720\" srcset=\"https:\/\/www.ivirtuosidelloperadiroma.com\/wp-content\/uploads\/2020\/07\/Diner-romantique-\u00e0-Rome-1.jpg 1097w, https:\/\/www.ivirtuosidelloperadiroma.com\/wp-content\/uploads\/2020\/07\/Diner-romantique-\u00e0-Rome-1-300x197.jpg 300w, https:\/\/www.ivirtuosidelloperadiroma.com\/wp-content\/uploads\/2020\/07\/Diner-romantique-\u00e0-Rome-1-1024x672.jpg 1024w, https:\/\/www.ivirtuosidelloperadiroma.com\/wp-content\/uploads\/2020\/07\/Diner-romantique-\u00e0-Rome-1-768x504.jpg 768w, https:\/\/www.ivirtuosidelloperadiroma.com\/wp-content\/uploads\/2020\/07\/Diner-romantique-\u00e0-Rome-1-600x394.jpg 600w\" sizes=\"(max-width: 1097px) 100vw, 1097px\" \/><\/h3>\n<h3><b>2) Un passage par la foi : Saint Pierre et au-del\u00e0 \u2026<\/b><\/h3>\n<p>&nbsp;<\/p>\n<p><span style=\"font-weight: 400;\">Vous avez fini les courses ? Vos <\/span><b>vacances de No\u00ebl \u00e0 Rome<\/b><span style=\"font-weight: 400;\"> ne peuvent se poursuivre qu&#8217;avec un voyage au centre de la foi. Que diriez-vous de vous promener sur la <\/span><b>place Saint-Pierre <\/b><span style=\"font-weight: 400;\">et de voir l&#8217;\u00e9norme sapin au milieu de la place ? Et puis il y a la basilique, dois-je en dire plus ?<\/span><\/p>\n<p>&nbsp;<\/p>\n<h3><b>3) \u2026 Les cr\u00e8ches de No\u00ebl \u00e0 Rome<\/b><\/h3>\n<p>&nbsp;<\/p>\n<p><span style=\"font-weight: 400;\">Pensiez-vous que l&#8217;art de la cr\u00e8che \u00e9tait l&#8217;apanage des artisans de San Gregorio Armeno \u00e0 Naples ? Eh bien, ce n&#8217;est pas. En effet, pendant vos <\/span><b>vacances de No\u00ebl \u00e0 Rome<\/b><span style=\"font-weight: 400;\">, vous pourrez admirer l&#8217;une des plus anciennes cr\u00e8ches du monde, cr\u00e9\u00e9e en 1291 par Arnolfo di Cambio et situ\u00e9e aujourd&#8217;hui dans la basilique de Santa Maria Maggiore. Et n&#8217;oubliez pas la cr\u00e8che permanente de la basilique des saints Cosmas et Damian : vous allez vous r\u00e9galer !\u00a0<\/span><\/p>\n<p>&nbsp;<\/p>\n<h3><b>4) Vacances exceptionnelles, soir\u00e9e exceptionnelle !<\/b><\/h3>\n<p>&nbsp;<\/p>\n<p><span style=\"font-weight: 400;\">Pour que vos vacances de No\u00ebl \u00e0 Rome soient inoubliables, vous devez vous offrir un concert de musique classique extraordinaire dans un cadre vraiment incroyable, l&#8217;\u00e9glise de <\/span><b>Saint-Paul-dans-les-Murs<\/b><span style=\"font-weight: 400;\"> &#8211; apr\u00e8s tout, <\/span><span style=\"font-weight: 400;\">c&#8217;est la saison des vacances,<\/span><span style=\"font-weight: 400;\"> n&#8217;est-ce pas ? L\u2019orchestre de <\/span><a href=\"https:\/\/ivirtuosidelloperadiroma.com\/fr\/\"><b>I Virtuosi dell\u2019opera di Roma<\/b><\/a><span style=\"font-weight: 400;\">, dirig\u00e9 par le <\/span><b>maestro Adriano Melchiorre<\/b><span style=\"font-weight: 400;\">, vous fera vivre une exp\u00e9rience in\u00e9gal\u00e9e dans le monde de l\u2019op\u00e9ra, <\/span><span style=\"font-weight: 400;\">avec des concerts qui ont lieu pendant les derniers jours de l&#8217;ann\u00e9e et pendant les vacances du Nouvel An<\/span><span style=\"font-weight: 400;\"> : de <\/span><b>La Traviata<\/b><span style=\"font-weight: 400;\"> de <\/span><b>Giuseppe Verdi<\/b><span style=\"font-weight: 400;\"> aux <\/span><b>airs les plus c\u00e9l\u00e8bres de l&#8217;histoire de la musique classique<\/b><span style=\"font-weight: 400;\">.\u00a0<\/span><\/p>\n<p><span style=\"font-weight: 400;\">Alors ? Vous ne savez toujours pas o\u00f9 passer les <\/span><b>vacances de No\u00ebl<\/b><span style=\"font-weight: 400;\"> ? Tous les doutes sont lev\u00e9s : passez les <\/span><b>vacances de No\u00ebl \u00e0 Rome<\/b><span style=\"font-weight: 400;\"> et vous ne le regretterez pas.<\/span><\/p>\n","protected":false},"excerpt":{"rendered":"<p>Un mois (et plus) pour passer vos vacances de No\u00ebl \u00e0 Rome ! &nbsp; Tout a commenc\u00e9 officiellement le 8&#8230;<\/p>\n","protected":false},"author":1,"featured_media":25288,"comment_status":"closed","ping_status":"closed","sticky":false,"template":"","format":"standard","meta":{"footnotes":""},"categories":[690],"tags":[],"acf":[],"_links":{"self":[{"href":"https:\/\/www.ivirtuosidelloperadiroma.com\/fr\/wp-json\/wp\/v2\/posts\/26377"}],"collection":[{"href":"https:\/\/www.ivirtuosidelloperadiroma.com\/fr\/wp-json\/wp\/v2\/posts"}],"about":[{"href":"https:\/\/www.ivirtuosidelloperadiroma.com\/fr\/wp-json\/wp\/v2\/types\/post"}],"author":[{"embeddable":true,"href":"https:\/\/www.ivirtuosidelloperadiroma.com\/fr\/wp-json\/wp\/v2\/users\/1"}],"replies":[{"embeddable":true,"href":"https:\/\/www.ivirtuosidelloperadiroma.com\/fr\/wp-json\/wp\/v2\/comments?post=26377"}],"version-history":[{"count":0,"href":"https:\/\/www.ivirtuosidelloperadiroma.com\/fr\/wp-json\/wp\/v2\/posts\/26377\/revisions"}],"wp:featuredmedia":[{"embeddable":true,"href":"https:\/\/www.ivirtuosidelloperadiroma.com\/fr\/wp-json\/wp\/v2\/media\/25288"}],"wp:attachment":[{"href":"https:\/\/www.ivirtuosidelloperadiroma.com\/fr\/wp-json\/wp\/v2\/media?parent=26377"}],"wp:term":[{"taxonomy":"category","embeddable":true,"href":"https:\/\/www.ivirtuosidelloperadiroma.com\/fr\/wp-json\/wp\/v2\/categories?post=26377"},{"taxonomy":"post_tag","embeddable":true,"href":"https:\/\/www.ivirtuosidelloperadiroma.com\/fr\/wp-json\/wp\/v2\/tags?post=26377"}],"curies":[{"name":"wp","href":"https:\/\/api.w.org\/{rel}","templated":true}]}}